{"id":19866,"date":"2026-08-31T23:59:19","date_gmt":"2026-08-31T21:59:19","guid":{"rendered":"https:\/\/www.euroregion-naen.eu\/?p=19866"},"modified":"2026-09-01T09:51:29","modified_gmt":"2026-09-01T07:51:29","slug":"lanzamiento-de-la-convocatoria-de-proyectos-innovacion-eurorregional-2026","status":"publish","type":"post","link":"https:\/\/www.euroregion-naen.eu\/es\/articulos\/lanzamiento-de-la-convocatoria-de-proyectos-innovacion-eurorregional-2026\/","title":{"rendered":"Lanzamiento de la convocatoria de proyectos \u201cInnovacion eurorregional\u201d 2026"},"content":{"rendered":"<p>La Eurorregi\u00f3n lanza hoy la convocatoria de proyectos \u00abInnovaci\u00f3n Eurorregional\u00bb 2026, <a href=\"https:\/\/www.euroregion-naen.eu\/es\/proyectos\/convocatoria-de-proyectos-innovacion\/\">dotada con un presupuesto de <strong>400.000 euros<\/strong> y abierta hasta el <strong>09 de octubre de 2026<\/strong>.<\/a> Bajo el lema <strong>\u00abCooperar para llegar m\u00e1s lejos\u00bb<\/strong>, la convocatoria tiene como objetivo <strong>impulsar iniciativas innovadoras y fortalecer las cadenas de valor eurorregionales<\/strong> en seis sectores estrat\u00e9gicos y emergentes, en l\u00ednea con las estrategias de especializaci\u00f3n inteligente (RIS4) de Nueva Aquitania, Euskadi y Navarra: <strong>Salud, Fabricaci\u00f3n avanzada, Agricultura, Energ\u00edas renovables, Construcci\u00f3n sostenible e Industrias culturales y creativas<\/strong>.<\/p>\n<p>La convocatoria busca favorecer la puesta en marcha de <strong>proyectos colaborativos y tractores<\/strong>, capaces de conectar las capacidades y complementariedades existentes en los tres territorios y de movilizar a una <strong>diversidad de agentes del ecosistema de innovaci\u00f3n<\/strong>, entre ellos empresas, centros tecnol\u00f3gicos y de investigaci\u00f3n, universidades, centros de formaci\u00f3n, entidades p\u00fablicas y otras organizaciones especializadas.<\/p>\n<p>\u00abLa cooperaci\u00f3n eurorregional nos permite <strong>sumar capacidades y complementariedades para impulsar proyectos y oportunidades que trascienden las fronteras y generan valor para los tres territorios<\/strong>. Con esta convocatoria queremos favorecer alianzas entre diferentes actores y apoyar proyectos que puedan contribuir a estructurar cadenas de valor transfronterizas y generar nuevas din\u00e1micas de cooperaci\u00f3n\u201d explica <strong>Leyre Azcona, directora de la Eurorregi\u00f3n Nueva Aquitania Euskadi Navarra<\/strong>.<\/p>\n<p>La convocatoria se enmarca en las prioridades de la Eurorregi\u00f3n en materia de <strong>transformaci\u00f3n digital, especializaci\u00f3n inteligente, sostenibilidad, creaci\u00f3n de conocimiento, innovaci\u00f3n y econom\u00eda circular<\/strong>, y pretende contribuir al desarrollo de una econom\u00eda eurorregional m\u00e1s competitiva y resiliente.<\/p>\n<p>En 2026, la Eurorregi\u00f3n desea impulsar iniciativas que contribuyan a <strong>estructurar cadenas de valor transfronterizas, desarrollar nuevas soluciones y servicios, facilitar la transferencia de conocimiento y tecnolog\u00eda y abrir nuevas v\u00edas de colaboraci\u00f3n<\/strong> entre los actores de los tres territorios.<\/p>\n<p>Desde su creaci\u00f3n, la convocatoria \u00abInnovaci\u00f3n Eurorregional\u00bb ha apoyado <strong>65 iniciativas<\/strong>, con una financiaci\u00f3n acumulada de <strong>3,7 millones de euros<\/strong>. En 2025, <strong>7 de los 22 proyectos<\/strong> presentados por consorcios de Nueva Aquitania, Euskadi y Navarra recibieron financiaci\u00f3n.<\/p>\n<h2><strong>UN WEBINAR PARA SABER MAS<\/strong><\/h2>\n<p>La Eurorregi\u00f3n organiza un <strong>webinar<\/strong> el <strong>03 de septiembre de 2026<\/strong> para presentar la convocatoria. <a href=\"https:\/\/us06web.zoom.us\/webinar\/register\/WN_aGE86_4jRP-ddo56x7GvLg\">La inscripci\u00f3n previa es necesaria. <\/a>\u00a0Durante la sesi\u00f3n se presentar\u00e1n las principales caracter\u00edsticas y condiciones de la convocatoria y se abrir\u00e1 un espacio de <strong>preguntas y respuestas<\/strong> para resolver las dudas de los participantes. \u00abAnimamos a los gestores de proyectos y a todos los agentes interesados a participar en el webinar, plantear sus preguntas y ponerse en contacto con el equipo t\u00e9cnico de la Eurorregi\u00f3n para compartir sus proyectos o ideas de cooperaci\u00f3n\u00bb, se\u00f1ala Leyre Azcona.<\/p>\n<p>Para facilitar la preparaci\u00f3n y gesti\u00f3n de los proyectos, est\u00e1 disponible una <a href=\"https:\/\/www.euroregion-naen.eu\/wp-content\/uploads\/2019\/12\/@GUIA-PARA-PROMOTORES-DE-PROYECTOS-2023-ES.pdf\"><strong>gu\u00eda para promotores<\/strong><\/a>. Esta gu\u00eda proporciona informaci\u00f3n pr\u00e1ctica para cada etapa, desde la solicitud hasta el cierre del proyecto. Est\u00e1 dise\u00f1ada para ser un documento f\u00e1cil de leer y asimilar, con un enfoque fundamentalmente pr\u00e1ctico.<\/p>\n<p>En este documento figuran los principales elementos que componen la <strong>convocatoria de proyectos \u00abInnovaci\u00f3n Eurorregional\u00bb 2026<\/strong>:<\/p>\n","protected":false},"excerpt":{"rendered":"<p>La Eurorregi\u00f3n lanza hoy la convocatoria de proyectos \u00abInnovaci\u00f3n Eurorregional\u00bb 2026, dotada con un presupuesto de 400.000 euros y abierta hasta el 09 de octubre de 2026. Bajo el lema \u00abCooperar para llegar m\u00e1s lejos\u00bb, la convocatoria tiene como objetivo impulsar iniciativas innovadoras y fortalecer las cadenas de valor eurorregionales en seis sectores estrat\u00e9gicos y [&hellip;]<\/p>\n","protected":false},"author":16,"featured_media":19863,"comment_status":"open","ping_status":"open","sticky":false,"template":"","format":"standard","meta":{"_acf_changed":false,"footnotes":""},"categories":[35],"tags":[],"class_list":["post-19866","post","type-post","status-publish","format-standard","has-post-thumbnail","hentry","category-articulos"],"acf":[],"_links":{"self":[{"href":"https:\/\/www.euroregion-naen.eu\/es\/wp-json\/wp\/v2\/posts\/19866","targetHints":{"allow":["GET"]}}],"collection":[{"href":"https:\/\/www.euroregion-naen.eu\/es\/wp-json\/wp\/v2\/posts"}],"about":[{"href":"https:\/\/www.euroregion-naen.eu\/es\/wp-json\/wp\/v2\/types\/post"}],"author":[{"embeddable":true,"href":"https:\/\/www.euroregion-naen.eu\/es\/wp-json\/wp\/v2\/users\/16"}],"replies":[{"embeddable":true,"href":"https:\/\/www.euroregion-naen.eu\/es\/wp-json\/wp\/v2\/comments?post=19866"}],"version-history":[{"count":0,"href":"https:\/\/www.euroregion-naen.eu\/es\/wp-json\/wp\/v2\/posts\/19866\/revisions"}],"wp:featuredmedia":[{"embeddable":true,"href":"https:\/\/www.euroregion-naen.eu\/es\/wp-json\/wp\/v2\/media\/19863"}],"wp:attachment":[{"href":"https:\/\/www.euroregion-naen.eu\/es\/wp-json\/wp\/v2\/media?parent=19866"}],"wp:term":[{"taxonomy":"category","embeddable":true,"href":"https:\/\/www.euroregion-naen.eu\/es\/wp-json\/wp\/v2\/categories?post=19866"},{"taxonomy":"post_tag","embeddable":true,"href":"https:\/\/www.euroregion-naen.eu\/es\/wp-json\/wp\/v2\/tags?post=19866"}],"curies":[{"name":"wp","href":"https:\/\/api.w.org\/{rel}","templated":true}]}}