{"id":19584,"date":"2026-03-11T10:00:19","date_gmt":"2026-03-11T09:00:19","guid":{"rendered":"https:\/\/www.euroregion-naen.eu\/?p=19584"},"modified":"2026-03-11T10:00:19","modified_gmt":"2026-03-11T09:00:19","slug":"la-convocatoria-ciudadania-eurorregional-2026-esta-abierta","status":"publish","type":"post","link":"https:\/\/www.euroregion-naen.eu\/es\/articulos\/la-convocatoria-ciudadania-eurorregional-2026-esta-abierta\/","title":{"rendered":"La Convocatoria \u00abCiudadan\u00eda eurorregional\u00bb 2026 esta abierta"},"content":{"rendered":"<p>La Convocatoria de Proyectos \u00abCiudadan\u00eda eurorregional\u00bb de la AECT Eurorregi\u00f3n Nueva-Aquitania Euskadi Navarra est\u00e1 <strong>abierta del 11 de marzo de 2026 al 28 de abril de 2026<\/strong> para apoyar iniciativas y agentes en los \u00e1mbitos de la cultura, el deporte, la educaci\u00f3n, la juventud, el pluriling\u00fcismo y de los retos sociales contenpor\u00e1neos.<\/p>\n<p>Con un presupuesto de <strong>500.000 euros<\/strong>, la convocatoria\u00a0\u00abCiudadan\u00eda eurorregional\u00bb se basa en la m\u00e1xima \u00ab<strong>conocerse mejor para cooperar mejor<\/strong>\u00bb y tiene como principal finalidad mejorar el\u00a0<strong>conocimiento mutuo<\/strong>\u00a0de los agentes, promover el\u00a0aprendizaje de los idiomas, la\u00a0difusi\u00f3n cultural\u00a0y el\u00a0involucramiento de la juventud eurorregional.<\/p>\n<p>Desde su inicio en 2015, la Convocatoria de Proyectos \u201cCiudadan\u00eda eurorregional\u201d ha apoyado 234 proyectos con un presupuesto total de 4,7 millones de euros. En 2025, la convocatoria de proyectos ha subvencionado\u00a0<strong>19 iniciativas<\/strong>.<\/p>\n<p>Las candidaturas se presentan a trav\u00e9s de la <a href=\"https:\/\/www.euroregion-naen.eu\/es\/proyectos\/convocatoria-de-proyectos-ciudadania-eurorregional\/\">p\u00e1gina web<\/a>, en el apartado destinado a ello.<\/p>\n<p>Para m\u00e1s informaci\u00f3n, la Eurorregi\u00f3n organizar\u00e1 un\u00a0<strong>webinario<\/strong>\u00a0el<strong>\u00a017 de marzo de 2026<\/strong>\u00a0para presentar el dispositivo y permitir intercambios con los responsables de proyectos. Se requiere inscripci\u00f3n previa a trav\u00e9s del siguiente enlace:<\/p>\n<p><a href=\"https:\/\/us06web.zoom.us\/webinar\/register\/WN_so0NtCI2S3CTz9VB7kVw9A\">https:\/\/us06web.zoom.us\/webinar\/register\/WN_so0NtCI2S3CTz9VB7kVw9A<\/a><\/p>\n","protected":false},"excerpt":{"rendered":"<p>La Convocatoria de Proyectos \u00abCiudadan\u00eda eurorregional\u00bb de la AECT Eurorregi\u00f3n Nueva-Aquitania Euskadi Navarra est\u00e1 abierta del 11 de marzo de 2026 al 28 de abril de 2026 para apoyar iniciativas y agentes en los \u00e1mbitos de la cultura, el deporte, la educaci\u00f3n, la juventud, el pluriling\u00fcismo y de los retos sociales contenpor\u00e1neos. Con un presupuesto [&hellip;]<\/p>\n","protected":false},"author":16,"featured_media":19250,"comment_status":"open","ping_status":"open","sticky":false,"template":"","format":"standard","meta":{"_acf_changed":false,"footnotes":""},"categories":[35],"tags":[],"class_list":["post-19584","post","type-post","status-publish","format-standard","has-post-thumbnail","hentry","category-articulos"],"acf":[],"_links":{"self":[{"href":"https:\/\/www.euroregion-naen.eu\/es\/wp-json\/wp\/v2\/posts\/19584","targetHints":{"allow":["GET"]}}],"collection":[{"href":"https:\/\/www.euroregion-naen.eu\/es\/wp-json\/wp\/v2\/posts"}],"about":[{"href":"https:\/\/www.euroregion-naen.eu\/es\/wp-json\/wp\/v2\/types\/post"}],"author":[{"embeddable":true,"href":"https:\/\/www.euroregion-naen.eu\/es\/wp-json\/wp\/v2\/users\/16"}],"replies":[{"embeddable":true,"href":"https:\/\/www.euroregion-naen.eu\/es\/wp-json\/wp\/v2\/comments?post=19584"}],"version-history":[{"count":0,"href":"https:\/\/www.euroregion-naen.eu\/es\/wp-json\/wp\/v2\/posts\/19584\/revisions"}],"wp:featuredmedia":[{"embeddable":true,"href":"https:\/\/www.euroregion-naen.eu\/es\/wp-json\/wp\/v2\/media\/19250"}],"wp:attachment":[{"href":"https:\/\/www.euroregion-naen.eu\/es\/wp-json\/wp\/v2\/media?parent=19584"}],"wp:term":[{"taxonomy":"category","embeddable":true,"href":"https:\/\/www.euroregion-naen.eu\/es\/wp-json\/wp\/v2\/categories?post=19584"},{"taxonomy":"post_tag","embeddable":true,"href":"https:\/\/www.euroregion-naen.eu\/es\/wp-json\/wp\/v2\/tags?post=19584"}],"curies":[{"name":"wp","href":"https:\/\/api.w.org\/{rel}","templated":true}]}}