{"id":19542,"date":"2026-03-10T15:13:25","date_gmt":"2026-03-10T14:13:25","guid":{"rendered":"https:\/\/www.euroregion-naen.eu\/?p=19542"},"modified":"2026-03-10T15:13:25","modified_gmt":"2026-03-10T14:13:25","slug":"la-eurorregion-abre-un-nuevo-ciclo-de-cooperacion-con-el-traspaso-de-la-presidencia-entre-navarra-y-euskadi","status":"publish","type":"post","link":"https:\/\/www.euroregion-naen.eu\/es\/articulos\/la-eurorregion-abre-un-nuevo-ciclo-de-cooperacion-con-el-traspaso-de-la-presidencia-entre-navarra-y-euskadi\/","title":{"rendered":"La Eurorregi\u00f3n abre un nuevo ciclo de cooperaci\u00f3n con el traspaso de la presidencia entre Navarra y Euskadi"},"content":{"rendered":"<ul>\n<li>La Eurorregi\u00f3n ha celebrado oficialmente el traspaso de la presidencia entre Navarra y Euskadi, que asumir\u00e1 esta funci\u00f3n hasta 2028.<\/li>\n<li>El traspaso tuvo lugar durante la Asamblea General celebrada este martes en la ciudad de Vitoria-Gasteiz, en Euskadi, donde tambi\u00e9n se aprob\u00f3 el nuevo marco presupuestario para 2026, que incluye una dotaci\u00f3n de 900.000 euros para convocatorias de proyectos.<\/li>\n<li>Los representantes de los tres territorios aprobaron asimismo el balance de actividad de 2025, que la Eurorregi\u00f3n publica en su Informe Anual y que detalla las acciones concretas llevadas a cabo para reforzar la cohesi\u00f3n territorial y social (<a href=\"https:\/\/www.euroregion-naen.eu\/wp-content\/uploads\/2019\/12\/NAEN_RA_2025_ES_0403_Web.pdf\" target=\"_blank\" rel=\"noopener\">disponible aqu\u00ed<\/a>).<\/li>\n<\/ul>\n<p>La Asamblea General de la Eurorregi\u00f3n Nueva-Aquitania Euskadi Navarra se celebr\u00f3 este martes en Vitoria-Gasteiz y formaliz\u00f3 el traspaso de la presidencia entre Navarra, que desempe\u00f1aba esta funci\u00f3n desde 2024, y Euskadi. <strong>Mar\u00eda Chivite<\/strong>, <strong>presidenta del Gobierno de Navarra,<\/strong> entreg\u00f3 simb\u00f3licamente la <em>makila<\/em> a <strong>Imanol Pradales<\/strong>, <strong>Lehendakari del Gobierno Vasco<\/strong>.<\/p>\n<p>Tras este traspaso, Euskadi asumir\u00e1 la presidencia de la Eurorregi\u00f3n para el nuevo ciclo institucional hasta 2028. \u00abHoy no celebramos \u00fanicamente un relevo institucional. Celebramos la consolidaci\u00f3n de un proyecto com\u00fan. Porque la Eurorregi\u00f3n es, en realidad, el resultado de una voluntad pol\u00edtica compartida. Es la convicci\u00f3n de que la frontera no es un l\u00edmite, sino un espacio de oportunidad. La demostraci\u00f3n de que la proximidad puede convertirse en ventaja competitiva, cohesi\u00f3n social y proyecci\u00f3n europea\u00bb ha recordado Imanol Pradales.<\/p>\n<p>Este momento clave tambi\u00e9n permiti\u00f3 a los 18 miembros de la Asamblea General aprobar el balance de las acciones desarrolladas durante el \u00faltimo a\u00f1o, as\u00ed como el nuevo marco presupuestario para el pr\u00f3ximo ejercicio.<\/p>\n<style id=\"bwg-style-0\">  #bwg_container1_0 {    display: table;\t\/*visibility: hidden;*\/  }  #bwg_container1_0 * {\t  -moz-user-select: none;\t  -khtml-user-select: none;\t  -webkit-user-select: none;\t  -ms-user-select: none;\t  user-select: none;  }  #bwg_container1_0 #bwg_container2_0 .bwg_slideshow_image_wrap_0 {\t  background-color: #F2F2F2;\t  width: 800px;\t  height: 500px;  }  #bwg_container1_0 #bwg_container2_0 .bwg_slideshow_image_0 {\t  max-width: 800px;\t  max-height: 410px;  }  #bwg_container1_0 #bwg_container2_0 .bwg_slideshow_embed_0 {    width: 800px;    height: 410px;  }  #bwg_container1_0 #bwg_container2_0 #bwg_slideshow_play_pause_0 {\t  background: transparent url(\"https:\/\/www.euroregion-naen.eu\/wp-content\/plugins\/photo-gallery\/images\/blank.gif\") repeat scroll 0 0;  }  #bwg_container1_0 #bwg_container2_0 #bwg_slideshow_play_pause-ico_0 {    color: #D6D6D6;    font-size: 35px;  }  #bwg_container1_0 #bwg_container2_0 #bwg_slideshow_play_pause-ico_0:hover {\t  color: #BABABA;  }  #bwg_container1_0 #bwg_container2_0 #spider_slideshow_left_0,  #bwg_container1_0 #bwg_container2_0 #spider_slideshow_right_0 {\t  background: transparent url(\"https:\/\/www.euroregion-naen.eu\/wp-content\/plugins\/photo-gallery\/images\/blank.gif\") repeat scroll 0 0;  }  #bwg_container1_0 #bwg_container2_0 #spider_slideshow_left-ico_0,  #bwg_container1_0 #bwg_container2_0 #spider_slideshow_right-ico_0 {\t  background-color: #FFFFFF;\t  border-radius: 20px;\t  border: 0px none #FFFFFF;\t  box-shadow: ;\t  color: #D6D6D6;\t  height: 37px;\t  font-size: 12px;\t  width: 37px;\t  opacity: 1.00;  }  #bwg_container1_0 #bwg_container2_0 #spider_slideshow_left-ico_0:hover,  #bwg_container1_0 #bwg_container2_0 #spider_slideshow_right-ico_0:hover {\t  color: #BABABA;  }      #spider_slideshow_left-ico_0{      left: -9999px;    }    #spider_slideshow_right-ico_0{      left: -9999px;    }      #bwg_container1_0 #bwg_container2_0 .bwg_slideshow_image_container_0 {\t  bottom: 90px;\t  width: 800px;\t  height: 500px;\t}\t#bwg_container1_0 #bwg_container2_0 .bwg_slideshow_filmstrip_container_0 {\t  display: table;\t  height: 90px;\t  width: 800px;\t  bottom: 0;  }  \/* Filmstrip dimension *\/  #bwg_container1_0 #bwg_container2_0 .bwg_slideshow_filmstrip_0 {\t  left: 20px;\t  width: 760px;\t  \/*z-index: 10106;*\/  }  #bwg_container1_0 #bwg_container2_0 .bwg_slideshow_filmstrip_thumbnails_0 {    left: 0px;    width: 1141px;    height: 90px;  }  #bwg_container1_0 #bwg_container2_0 .bwg_slideshow_filmstrip_thumbnail_0 {    width: 161px;    height: 90px;    margin: 0px 2px 0 0 ;    border: 0px none #000000;    border-radius: 0;  }  #bwg_container1_0 #bwg_container2_0 .bwg_slideshow_thumb_active_0 {\t  border: 0px solid #FFFFFF;  }  #bwg_container1_0 #bwg_container2_0 .bwg_slideshow_thumb_deactive_0 {    opacity: 1.00;  }  #bwg_container1_0 #bwg_container2_0 .bwg_slideshow_filmstrip_left_0,  #bwg_container1_0 #bwg_container2_0 .bwg_slideshow_filmstrip_left_disabled_0 {\t  background-color: #F2F2F2;\t  display: table-cell;\t  width: 20px;\t  left: 0;\t  \t    }  #bwg_container1_0 #bwg_container2_0 .bwg_slideshow_filmstrip_right_0,  #bwg_container1_0 #bwg_container2_0 .bwg_slideshow_filmstrip_right_disabled_0 {\t  background-color: #F2F2F2;    display: table-cell;    right: 0;\t  width: 20px;\t  \t    }  #bwg_container1_0 #bwg_container2_0 .bwg_slideshow_filmstrip_left_0 i,  #bwg_container1_0 #bwg_container2_0 .bwg_slideshow_filmstrip_right_0 i,  #bwg_container1_0 #bwg_container2_0 .bwg_slideshow_filmstrip_left_disabled_0 i,  #bwg_container1_0 #bwg_container2_0 .bwg_slideshow_filmstrip_right_disabled_0 i {\t  color: #BABABA;\t  font-size: 20px;  }  #bwg_container1_0 #bwg_container2_0 .bwg_slideshow_filmstrip_left_0 {    display: none;  }  #bwg_container1_0 #bwg_container2_0 .bwg_slideshow_filmstrip_left_disabled_0,  #bwg_container1_0 #bwg_container2_0 .bwg_slideshow_filmstrip_right_disabled_0 {    display: none;    opacity: 0.3;  }  #bwg_container1_0 #bwg_container2_0 .bwg_slideshow_filmstrip_left_disabled_0 {    display: table-cell;  }  #bwg_container1_0 #bwg_container2_0 .bwg_slideshow_watermark_spun_0 {\t  text-align: left;\t  vertical-align: bottom;  }  #bwg_container1_0 #bwg_container2_0 .bwg_slideshow_title_spun_0 {\t  text-align: right;\t  vertical-align: top;  }  #bwg_container1_0 #bwg_container2_0 .bwg_slideshow_description_spun_0 {\t  text-align: right;\t  vertical-align: bottom;  }  #bwg_container1_0 #bwg_container2_0 .bwg_slideshow_watermark_image_0 {\t  max-height: 90px;\t  max-width: 90px;\t  opacity: 0.30;  }  #bwg_container1_0 #bwg_container2_0 .bwg_slideshow_watermark_text_0,  #bwg_container1_0 #bwg_container2_0 .bwg_slideshow_watermark_text_0:hover {\t  text-decoration: none;\t  margin: 4px;\t  position: relative;\t  z-index: 15;  }  #bwg_container1_0 #bwg_container2_0 .bwg_slideshow_title_text_0 {\t  font-size: 16px;\t  font-family: Ubuntu;\t  color: #FFFFFF !important;\t  opacity: 0.70;    border-radius: 5px;\t  background-color: #000000;\t  padding: 0 0 0 0;\t  \t\tmargin: 5px;\t  \t    }  #bwg_container1_0 #bwg_container2_0 .bwg_slideshow_description_text_0 {\t  font-size: 14px;\t  font-family: Ubuntu;\t  color: #FFFFFF !important;\t  opacity: 0.70;    border-radius: 0;\t  background-color: #000000;\t  padding: 5px 10px 5px 10px;\t    }  #bwg_container1_0 #bwg_container2_0 .bwg_slideshow_description_text_0 * {\ttext-decoration: none;\tcolor: #FFFFFF !important;  }  #bwg_container1_0 #bwg_container2_0 .bwg_slideshow_dots_0 {\t  width: 12px;\t  height: 12px;\t  border-radius: 5px;\t  background: #F2D22E;\t  margin: 3px;  }  #bwg_container1_0 #bwg_container2_0 .bwg_slideshow_dots_container_0 {\t  width: 800px;\t  bottom: 0;  }  #bwg_container1_0 #bwg_container2_0 .bwg_slideshow_dots_thumbnails_0 {\t  height: 18px;\t  width: 126px;  }  #bwg_container1_0 #bwg_container2_0 .bwg_slideshow_dots_active_0 {\t  background: #FFFFFF;\t  border: 1px solid #000000;  }  <\/style>    <div id=\"bwg_container1_0\"         class=\"bwg_container bwg_thumbnail bwg_slideshow \"         data-right-click-protection=\"0\"         data-bwg=\"0\"         data-scroll=\"0\"         data-gallery-type=\"slideshow\"         data-gallery-view-type=\"slideshow\"         data-current-url=\"\/es\/wp-json\/wp\/v2\/posts\/19542\"         data-lightbox-url=\"https:\/\/www.euroregion-naen.eu\/wp-admin\/admin-ajax.php?action=GalleryBox&#038;current_view=0&#038;gallery_id=12&#038;tag=0&#038;theme_id=1&#038;shortcode_id=43&#038;sort_by=order&#038;order_by=asc&#038;current_url=%2Fes%2Fwp-json%2Fwp%2Fv2%2Fposts%2F19542\"         data-gallery-id=\"12\"         data-popup-width=\"800\"         data-popup-height=\"500\"         data-is-album=\"gallery\"         data-buttons-position=\"bottom\">      <div id=\"bwg_container2_0\">             <div id=\"ajax_loading_0\" class=\"bwg_loading_div_1\">      <div class=\"bwg_loading_div_2\">        <div class=\"bwg_loading_div_3\">          <div id=\"loading_div_0\" class=\"bwg_spider_ajax_loading\">          <\/div>        <\/div>      <\/div>    <\/div>            <form id=\"gal_front_form_0\"              class=\"bwg-hidden\"              method=\"post\"              action=\"#\"              data-current=\"0\"              data-shortcode-id=\"43\"              data-gallery-type=\"slideshow\"              data-gallery-id=\"12\"              data-tag=\"0\"              data-album-id=\"0\"              data-theme-id=\"1\"              data-ajax-url=\"https:\/\/www.euroregion-naen.eu\/wp-admin\/admin-ajax.php?action=bwg_frontend_data\">          <div id=\"bwg_container3_0\" class=\"bwg-background bwg-background-0\">              <div class=\"bwg_slideshow_image_wrap_0 bwg-slideshow-images-wrapper bwg-container\"       data-bwg=\"0\"       data-lightbox-url=\"https:\/\/www.euroregion-naen.eu\/wp-admin\/admin-ajax.php?action=GalleryBox&#038;current_view=0&#038;gallery_id=12&#038;tag=0&#038;theme_id=1&#038;shortcode_id=43&#038;sort_by=order&#038;order_by=asc&#038;current_url=%2Fes%2Fwp-json%2Fwp%2Fv2%2Fposts%2F19542\">          <div class=\"bwg_slideshow_filmstrip_container_0\">        <div class=\"bwg_slideshow_filmstrip_left_0\">          <i class=\"bwg-icon-angle-left\"><\/i>        <\/div>        <div class=\"bwg_slideshow_filmstrip_left_disabled_0\">          <i class=\"bwg-icon-angle-left\"><\/i>        <\/div>        <div class=\"bwg_slideshow_filmstrip_0 bwg_slideshow_filmstrip\">          <div class=\"bwg_slideshow_filmstrip_thumbnails_0\">                          <div id=\"bwg_filmstrip_thumbnail_0_0\"                class=\"bwg_slideshow_filmstrip_thumbnail_0 bwg_slideshow_thumb_active_0\"                data-style=\"width:161px; height:90px;\">                <img decoding=\"async\" class=\"bwg_filmstrip_thumbnail_img bwg_slideshow_filmstrip_thumbnail_img_0\"                  style=\"width:161px; height:107.226px; margin-left: 0px; margin-top: -8.613px;\"                  data-style=\"width:161px; height:107.226px; margin-left: 0px; margin-top: -8.613px;\"                  src=\"https:\/\/www.euroregion-naen.eu\/wp-content\/uploads\/photo-gallery\/thumb\/eurorregion-vitoria10-03-2026-53.jpg?bwg=1773151843\"                  data-src=\"https:\/\/www.euroregion-naen.eu\/wp-content\/uploads\/photo-gallery\/thumb\/eurorregion-vitoria10-03-2026-53.jpg?bwg=1773151843\"                  onclick=\"bwg_change_image(parseInt(jQuery('#bwg_current_image_key_0').val()), '0', '', '', '0')\"                  image_id=\"159\"                  image_key=\"0\"                  alt=\"eurorregion-vitoria10-03-2026-53\"                  title=\"eurorregion-vitoria10-03-2026-53\" \/>              <\/div>                            <div id=\"bwg_filmstrip_thumbnail_1_0\"                class=\"bwg_slideshow_filmstrip_thumbnail_0 bwg_slideshow_thumb_deactive_0\"                data-style=\"width:161px; height:90px;\">                <img decoding=\"async\" class=\"bwg_filmstrip_thumbnail_img bwg_slideshow_filmstrip_thumbnail_img_0\"                  style=\"width:161px; height:107.226px; margin-left: 0px; margin-top: -8.613px;\"                  data-style=\"width:161px; height:107.226px; margin-left: 0px; margin-top: -8.613px;\"                  src=\"https:\/\/www.euroregion-naen.eu\/wp-content\/uploads\/photo-gallery\/thumb\/eurorregion-vitoria10-03-2026-300.jpg?bwg=1773151843\"                  data-src=\"https:\/\/www.euroregion-naen.eu\/wp-content\/uploads\/photo-gallery\/thumb\/eurorregion-vitoria10-03-2026-300.jpg?bwg=1773151843\"                  onclick=\"bwg_change_image(parseInt(jQuery('#bwg_current_image_key_0').val()), '1', '', '', '0')\"                  image_id=\"160\"                  image_key=\"1\"                  alt=\"eurorregion-vitoria10-03-2026-300\"                  title=\"eurorregion-vitoria10-03-2026-300\" \/>              <\/div>                            <div id=\"bwg_filmstrip_thumbnail_2_0\"                class=\"bwg_slideshow_filmstrip_thumbnail_0 bwg_slideshow_thumb_deactive_0\"                data-style=\"width:161px; height:90px;\">                <img decoding=\"async\" class=\"bwg_filmstrip_thumbnail_img bwg_slideshow_filmstrip_thumbnail_img_0\"                  style=\"width:161px; height:107.226px; margin-left: 0px; margin-top: -8.613px;\"                  data-style=\"width:161px; height:107.226px; margin-left: 0px; margin-top: -8.613px;\"                  src=\"https:\/\/www.euroregion-naen.eu\/wp-content\/uploads\/photo-gallery\/thumb\/eurorregion-vitoria10-03-2026-73.jpg?bwg=1773151659\"                  data-src=\"https:\/\/www.euroregion-naen.eu\/wp-content\/uploads\/photo-gallery\/thumb\/eurorregion-vitoria10-03-2026-73.jpg?bwg=1773151659\"                  onclick=\"bwg_change_image(parseInt(jQuery('#bwg_current_image_key_0').val()), '2', '', '', '0')\"                  image_id=\"156\"                  image_key=\"2\"                  alt=\"eurorregion-vitoria10-03-2026-73\"                  title=\"eurorregion-vitoria10-03-2026-73\" \/>              <\/div>                            <div id=\"bwg_filmstrip_thumbnail_3_0\"                class=\"bwg_slideshow_filmstrip_thumbnail_0 bwg_slideshow_thumb_deactive_0\"                data-style=\"width:161px; height:90px;\">                <img decoding=\"async\" class=\"bwg_filmstrip_thumbnail_img bwg_slideshow_filmstrip_thumbnail_img_0\"                  style=\"width:161px; height:107.226px; margin-left: 0px; margin-top: -8.613px;\"                  data-style=\"width:161px; height:107.226px; margin-left: 0px; margin-top: -8.613px;\"                  src=\"https:\/\/www.euroregion-naen.eu\/wp-content\/uploads\/photo-gallery\/thumb\/eurorregion-vitoria10-03-2026-66.jpg?bwg=1773151843\"                  data-src=\"https:\/\/www.euroregion-naen.eu\/wp-content\/uploads\/photo-gallery\/thumb\/eurorregion-vitoria10-03-2026-66.jpg?bwg=1773151843\"                  onclick=\"bwg_change_image(parseInt(jQuery('#bwg_current_image_key_0').val()), '3', '', '', '0')\"                  image_id=\"158\"                  image_key=\"3\"                  alt=\"eurorregion-vitoria10-03-2026-66\"                  title=\"eurorregion-vitoria10-03-2026-66\" \/>              <\/div>                            <div id=\"bwg_filmstrip_thumbnail_4_0\"                class=\"bwg_slideshow_filmstrip_thumbnail_0 bwg_slideshow_thumb_deactive_0\"                data-style=\"width:161px; height:90px;\">                <img decoding=\"async\" class=\"bwg_filmstrip_thumbnail_img bwg_slideshow_filmstrip_thumbnail_img_0\"                  style=\"width:161px; height:107.226px; margin-left: 0px; margin-top: -8.613px;\"                  data-style=\"width:161px; height:107.226px; margin-left: 0px; margin-top: -8.613px;\"                  src=\"https:\/\/www.euroregion-naen.eu\/wp-content\/uploads\/photo-gallery\/thumb\/eurorregion-vitoria10-03-2026-117.jpg?bwg=1773151659\"                  data-src=\"https:\/\/www.euroregion-naen.eu\/wp-content\/uploads\/photo-gallery\/thumb\/eurorregion-vitoria10-03-2026-117.jpg?bwg=1773151659\"                  onclick=\"bwg_change_image(parseInt(jQuery('#bwg_current_image_key_0').val()), '4', '', '', '0')\"                  image_id=\"154\"                  image_key=\"4\"                  alt=\"eurorregion-vitoria10-03-2026-117\"                  title=\"eurorregion-vitoria10-03-2026-117\" \/>              <\/div>                            <div id=\"bwg_filmstrip_thumbnail_5_0\"                class=\"bwg_slideshow_filmstrip_thumbnail_0 bwg_slideshow_thumb_deactive_0\"                data-style=\"width:161px; height:90px;\">                <img decoding=\"async\" class=\"bwg_filmstrip_thumbnail_img bwg_slideshow_filmstrip_thumbnail_img_0\"                  style=\"width:161px; height:107.226px; margin-left: 0px; margin-top: -8.613px;\"                  data-style=\"width:161px; height:107.226px; margin-left: 0px; margin-top: -8.613px;\"                  src=\"https:\/\/www.euroregion-naen.eu\/wp-content\/uploads\/photo-gallery\/thumb\/eurorregion-vitoria10-03-2026-128.jpg?bwg=1773151659\"                  data-src=\"https:\/\/www.euroregion-naen.eu\/wp-content\/uploads\/photo-gallery\/thumb\/eurorregion-vitoria10-03-2026-128.jpg?bwg=1773151659\"                  onclick=\"bwg_change_image(parseInt(jQuery('#bwg_current_image_key_0').val()), '5', '', '', '0')\"                  image_id=\"155\"                  image_key=\"5\"                  alt=\"eurorregion-vitoria10-03-2026-128\"                  title=\"eurorregion-vitoria10-03-2026-128\" \/>              <\/div>                            <div id=\"bwg_filmstrip_thumbnail_6_0\"                class=\"bwg_slideshow_filmstrip_thumbnail_0 bwg_slideshow_thumb_deactive_0\"                data-style=\"width:161px; height:90px;\">                <img decoding=\"async\" class=\"bwg_filmstrip_thumbnail_img bwg_slideshow_filmstrip_thumbnail_img_0\"                  style=\"width:161px; height:107.226px; margin-left: 0px; margin-top: -8.613px;\"                  data-style=\"width:161px; height:107.226px; margin-left: 0px; margin-top: -8.613px;\"                  src=\"https:\/\/www.euroregion-naen.eu\/wp-content\/uploads\/photo-gallery\/thumb\/eurorregion-vitoria10-03-2026-102.jpg?bwg=1773151659\"                  data-src=\"https:\/\/www.euroregion-naen.eu\/wp-content\/uploads\/photo-gallery\/thumb\/eurorregion-vitoria10-03-2026-102.jpg?bwg=1773151659\"                  onclick=\"bwg_change_image(parseInt(jQuery('#bwg_current_image_key_0').val()), '6', '', '', '0')\"                  image_id=\"157\"                  image_key=\"6\"                  alt=\"eurorregion-vitoria10-03-2026-102\"                  title=\"eurorregion-vitoria10-03-2026-102\" \/>              <\/div>                        <\/div>        <\/div>        <div class=\"bwg_slideshow_filmstrip_right_0\">          <i class=\"bwg-icon-angle-right\"><\/i>        <\/div>        <div class=\"bwg_slideshow_filmstrip_right_disabled_0\">          <i class=\"bwg-icon-angle-right\"><\/i>        <\/div>      <\/div>          <div id=\"bwg_slideshow_image_container_0\"         class=\"bwg_slideshow_image_container_0\"         data-params='{&quot;bwg_source&quot;:&quot;slider&quot;,&quot;bwg_current_key&quot;:&quot;&quot;,&quot;bwg_transition_duration&quot;:100,&quot;bwg_trans_in_progress&quot;:false,&quot;data&quot;:[{&quot;id&quot;:&quot;159&quot;,&quot;alt&quot;:&quot;eurorregion-vitoria10-03-2026-53&quot;,&quot;description&quot;:&quot;Author: VctorRuiz&amp;lt;br \\\/&amp;gt;Copyright: VctorRuiz&amp;lt;br \\\/&amp;gt;&quot;,&quot;filetype&quot;:&quot;JPG&quot;,&quot;filename&quot;:&quot;eurorregion-vitoria10-03-2026-53&quot;,&quot;image_url&quot;:&quot;\\\/eurorregion-vitoria10-03-2026-53.jpg?bwg=1773151843&quot;,&quot;thumb_url&quot;:&quot;\\\/thumb\\\/eurorregion-vitoria10-03-2026-53.jpg?bwg=1773151843&quot;,&quot;redirect_url&quot;:&quot;&quot;,&quot;date&quot;:&quot;2026-03-10 14:08:01&quot;,&quot;is_embed&quot;:false,&quot;is_embed_video&quot;:false,&quot;thumb_width&quot;:&quot;500.00&quot;,&quot;thumb_height&quot;:&quot;333.00&quot;},{&quot;id&quot;:&quot;160&quot;,&quot;alt&quot;:&quot;eurorregion-vitoria10-03-2026-300&quot;,&quot;description&quot;:&quot;Author: VctorRuiz&amp;lt;br \\\/&amp;gt;Copyright: VctorRuiz&amp;lt;br \\\/&amp;gt;&quot;,&quot;filetype&quot;:&quot;JPG&quot;,&quot;filename&quot;:&quot;eurorregion-vitoria10-03-2026-300&quot;,&quot;image_url&quot;:&quot;\\\/eurorregion-vitoria10-03-2026-300.jpg?bwg=1773151843&quot;,&quot;thumb_url&quot;:&quot;\\\/thumb\\\/eurorregion-vitoria10-03-2026-300.jpg?bwg=1773151843&quot;,&quot;redirect_url&quot;:&quot;&quot;,&quot;date&quot;:&quot;2026-03-10 14:08:01&quot;,&quot;is_embed&quot;:false,&quot;is_embed_video&quot;:false,&quot;thumb_width&quot;:&quot;500.00&quot;,&quot;thumb_height&quot;:&quot;333.00&quot;},{&quot;id&quot;:&quot;156&quot;,&quot;alt&quot;:&quot;eurorregion-vitoria10-03-2026-73&quot;,&quot;description&quot;:&quot;Author: VctorRuiz&amp;lt;br \\\/&amp;gt;Copyright: VctorRuiz&amp;lt;br \\\/&amp;gt;&quot;,&quot;filetype&quot;:&quot;JPG&quot;,&quot;filename&quot;:&quot;eurorregion-vitoria10-03-2026-73&quot;,&quot;image_url&quot;:&quot;\\\/eurorregion-vitoria10-03-2026-73.jpg?bwg=1773151659&quot;,&quot;thumb_url&quot;:&quot;\\\/thumb\\\/eurorregion-vitoria10-03-2026-73.jpg?bwg=1773151659&quot;,&quot;redirect_url&quot;:&quot;&quot;,&quot;date&quot;:&quot;2026-03-10 14:05:25&quot;,&quot;is_embed&quot;:false,&quot;is_embed_video&quot;:false,&quot;thumb_width&quot;:&quot;500.00&quot;,&quot;thumb_height&quot;:&quot;333.00&quot;},{&quot;id&quot;:&quot;158&quot;,&quot;alt&quot;:&quot;eurorregion-vitoria10-03-2026-66&quot;,&quot;description&quot;:&quot;Author: VctorRuiz&amp;lt;br \\\/&amp;gt;Copyright: VctorRuiz&amp;lt;br \\\/&amp;gt;&quot;,&quot;filetype&quot;:&quot;JPG&quot;,&quot;filename&quot;:&quot;eurorregion-vitoria10-03-2026-66&quot;,&quot;image_url&quot;:&quot;\\\/eurorregion-vitoria10-03-2026-66.jpg?bwg=1773151843&quot;,&quot;thumb_url&quot;:&quot;\\\/thumb\\\/eurorregion-vitoria10-03-2026-66.jpg?bwg=1773151843&quot;,&quot;redirect_url&quot;:&quot;&quot;,&quot;date&quot;:&quot;2026-03-10 14:08:01&quot;,&quot;is_embed&quot;:false,&quot;is_embed_video&quot;:false,&quot;thumb_width&quot;:&quot;500.00&quot;,&quot;thumb_height&quot;:&quot;333.00&quot;},{&quot;id&quot;:&quot;154&quot;,&quot;alt&quot;:&quot;eurorregion-vitoria10-03-2026-117&quot;,&quot;description&quot;:&quot;Author: VctorRuiz&amp;lt;br \\\/&amp;gt;Copyright: VctorRuiz&amp;lt;br \\\/&amp;gt;&quot;,&quot;filetype&quot;:&quot;JPG&quot;,&quot;filename&quot;:&quot;eurorregion-vitoria10-03-2026-117&quot;,&quot;image_url&quot;:&quot;\\\/eurorregion-vitoria10-03-2026-117.jpg?bwg=1773151659&quot;,&quot;thumb_url&quot;:&quot;\\\/thumb\\\/eurorregion-vitoria10-03-2026-117.jpg?bwg=1773151659&quot;,&quot;redirect_url&quot;:&quot;&quot;,&quot;date&quot;:&quot;2026-03-10 14:05:51&quot;,&quot;is_embed&quot;:false,&quot;is_embed_video&quot;:false,&quot;thumb_width&quot;:&quot;500.00&quot;,&quot;thumb_height&quot;:&quot;333.00&quot;},{&quot;id&quot;:&quot;155&quot;,&quot;alt&quot;:&quot;eurorregion-vitoria10-03-2026-128&quot;,&quot;description&quot;:&quot;Author: VctorRuiz&amp;lt;br \\\/&amp;gt;Copyright: VctorRuiz&amp;lt;br \\\/&amp;gt;&quot;,&quot;filetype&quot;:&quot;JPG&quot;,&quot;filename&quot;:&quot;eurorregion-vitoria10-03-2026-128&quot;,&quot;image_url&quot;:&quot;\\\/eurorregion-vitoria10-03-2026-128.jpg?bwg=1773151659&quot;,&quot;thumb_url&quot;:&quot;\\\/thumb\\\/eurorregion-vitoria10-03-2026-128.jpg?bwg=1773151659&quot;,&quot;redirect_url&quot;:&quot;&quot;,&quot;date&quot;:&quot;2026-03-10 14:05:50&quot;,&quot;is_embed&quot;:false,&quot;is_embed_video&quot;:false,&quot;thumb_width&quot;:&quot;500.00&quot;,&quot;thumb_height&quot;:&quot;333.00&quot;},{&quot;id&quot;:&quot;157&quot;,&quot;alt&quot;:&quot;eurorregion-vitoria10-03-2026-102&quot;,&quot;description&quot;:&quot;Author: VctorRuiz&amp;lt;br \\\/&amp;gt;Copyright: VctorRuiz&amp;lt;br \\\/&amp;gt;&quot;,&quot;filetype&quot;:&quot;JPG&quot;,&quot;filename&quot;:&quot;eurorregion-vitoria10-03-2026-102&quot;,&quot;image_url&quot;:&quot;\\\/eurorregion-vitoria10-03-2026-102.jpg?bwg=1773151659&quot;,&quot;thumb_url&quot;:&quot;\\\/thumb\\\/eurorregion-vitoria10-03-2026-102.jpg?bwg=1773151659&quot;,&quot;redirect_url&quot;:&quot;&quot;,&quot;date&quot;:&quot;2026-03-10 14:05:25&quot;,&quot;is_embed&quot;:false,&quot;is_embed_video&quot;:false,&quot;thumb_width&quot;:&quot;500.00&quot;,&quot;thumb_height&quot;:&quot;333.00&quot;}],&quot;width_or_height&quot;:&quot;width&quot;,&quot;filmstrip_thumb_margin_hor&quot;:2,&quot;left_or_top&quot;:&quot;left&quot;,&quot;outerWidth_or_outerHeight&quot;:&quot;outerWidth&quot;,&quot;enable_slideshow_shuffle&quot;:0,&quot;lightbox_filmstrip_thumb_border_width&quot;:&quot;1&quot;,&quot;thumb_click_action&quot;:&quot;open_lightbox&quot;,&quot;thumb_link_target&quot;:1,&quot;upload_url&quot;:&quot;https:\\\/\\\/www.euroregion-naen.eu\\\/wp-content\\\/uploads\\\/photo-gallery&quot;,&quot;preload_images&quot;:1,&quot;slideshow_effect&quot;:&quot;fade&quot;,&quot;event_stack&quot;:&quot;&quot;,&quot;preload_images_count&quot;:10,&quot;image_width&quot;:800,&quot;image_height&quot;:500,&quot;thumb_width&quot;:250,&quot;thumb_height&quot;:140,&quot;filmstrip_direction&quot;:&quot;horizontal&quot;,&quot;slideshow_filmstrip_type&quot;:1,&quot;slideshow_thumbnails_count&quot;:5,&quot;slideshow_filmstrip_width&quot;:161,&quot;slideshow_filmstrip_height&quot;:90,&quot;slideshow_filmstrip_rl_btn_size&quot;:&quot;20&quot;,&quot;slideshow_play_pause_btn_size&quot;:&quot;35&quot;,&quot;watermark_type&quot;:90,&quot;watermark_height&quot;:90,&quot;watermark_font_size&quot;:20,&quot;slideshow_title_font_size&quot;:&quot;16&quot;,&quot;slideshow_description_font_size&quot;:&quot;14&quot;,&quot;bwg_playInterval&quot;:&quot;&quot;,&quot;slideshow_interval&quot;:5,&quot;image_right_click&quot;:0,&quot;enable_slideshow_autoplay&quot;:0,&quot;enable_slideshow_music&quot;:0,&quot;bwg_current_filmstrip_pos&quot;:0}'         data-filmstrip-position=\"bottom\"         data-filmstrip-size=\"90\">      <div class=\"bwg_slide_container_0\">        <div class=\"bwg_slide_bg_0\">          <div class=\"bwg_slider_0\">                            <span class=\"bwg_slideshow_image_spun_0\" id=\"image_id_0_159\">                    <span class=\"bwg_slideshow_image_spun1_0\">                      <span class=\"bwg_slideshow_image_spun2_0\">                                                  <a  class=\"bwg-a bwg_lightbox\" href=\"https:\/\/www.euroregion-naen.eu\/wp-content\/uploads\/photo-gallery\/eurorregion-vitoria10-03-2026-53.jpg?bwg=1773151843\" data-image-id=\"159\" data-elementor-open-lightbox=\"no\">                          <img decoding=\"async\" id=\"bwg_slideshow_image_0\"                               class=\"skip-lazy bwg_slide bwg_slideshow_image_0 \"                               src=\"https:\/\/www.euroregion-naen.eu\/wp-content\/uploads\/photo-gallery\/eurorregion-vitoria10-03-2026-53.jpg?bwg=1773151843\"                               data-src=\"https:\/\/www.euroregion-naen.eu\/wp-content\/uploads\/photo-gallery\/eurorregion-vitoria10-03-2026-53.jpg?bwg=1773151843\"                               image_id=\"159\"                               alt=\"eurorregion-vitoria10-03-2026-53\" \/>                          <\/a>                                                <\/span>                    <\/span>                  <\/span>                <span class=\"bwg_slideshow_image_second_spun_0\">                  <\/span>                <input type=\"hidden\" id=\"bwg_current_image_key_0\" value=\"0\" \/>                          <\/div>        <\/div>      <\/div>              <a class=\"bwg-a\" id=\"spider_slideshow_left_0\" onclick=\"bwg_change_image(parseInt(jQuery('#bwg_current_image_key_0').val()), (parseInt(jQuery('#bwg_current_image_key_0').val()) + 7 - bwg_iterator(0)) % 7, '', '', 0); return false;\"><span id=\"spider_slideshow_left-ico_0\"><span><i class=\"bwg-icon-angle-left bwg_slideshow_prev_btn_0\"><\/i><\/span><\/span><\/a>        <span id=\"bwg_slideshow_play_pause_0\" class=\"bwg_slideshow_play_pause\" style=\"display: ;\"><span><span id=\"bwg_slideshow_play_pause-ico_0\"><i class=\"bwg-icon-play bwg_ctrl_btn_0 bwg_slideshow_play_pause_0\"><\/i><\/span><\/span><\/span>        <a class=\"bwg-a\" id=\"spider_slideshow_right_0\" onclick=\"bwg_change_image(parseInt(jQuery('#bwg_current_image_key_0').val()), (parseInt(jQuery('#bwg_current_image_key_0').val()) + bwg_iterator(0)) % 7, '', '', 0); return false;\"><span id=\"spider_slideshow_right-ico_0\"><span><i class=\"bwg-icon-angle-right bwg_slideshow_next_btn_0\"><\/i><\/span><\/span><\/a>            <\/div>      <\/div>            <\/div>        <\/form>        <style>          #bwg_container1_0 #bwg_container2_0 #spider_popup_overlay_0 {          background-color: #EEEEEE;          opacity: 0.60;          }          <\/style>        <div id=\"bwg_spider_popup_loading_0\" class=\"bwg_spider_popup_loading\"><\/div>        <div id=\"spider_popup_overlay_0\" class=\"spider_popup_overlay\" onclick=\"spider_destroypopup(1000)\"><\/div>        <input type=\"hidden\" id=\"bwg_random_seed_0\" value=\"1924457335\">                <\/div>    <\/div>    <script>      if (document.readyState === 'complete') {        if( typeof bwg_main_ready == 'function' ) {          if ( jQuery(\"#bwg_container1_0\").height() ) {            bwg_main_ready(jQuery(\"#bwg_container1_0\"));          }        }      } else {        document.addEventListener('DOMContentLoaded', function() {          if( typeof bwg_main_ready == 'function' ) {            if ( jQuery(\"#bwg_container1_0\").height() ) {             bwg_main_ready(jQuery(\"#bwg_container1_0\"));            }          }        });      }    <\/script>    \n<h3>BALANCE DE ACTIVIDAD 2025: UNA COOPERACI\u00d3N EURORREGIONAL EN PLENO IMPULSO<\/h3>\n<p>El a\u00f1o 2025 ha confirmado el creciente papel de la Eurorregi\u00f3n como facilitadora y catalizadora de proyectos transfronterizos al servicio de la cohesi\u00f3n y del desarrollo econ\u00f3mico del territorio.<\/p>\n<p>Varias iniciativas han ilustrado esta din\u00e1mica. En el \u00e1mbito de la <strong>ciudadan\u00eda eurorregional<\/strong>, la Eurorregi\u00f3n ha apoyado <strong>19 proyectos culturales, educativos, deportivos y solidarios<\/strong>, contribuyendo a acercar a la ciudadan\u00eda de los tres territorios y a fortalecer una identidad eurorregional compartida. Paralelamente, la convocatoria de proyectos de <strong>innovaci\u00f3n eurorregional <\/strong>ha permitido acompa\u00f1ar <strong>siete colaboraciones estrat\u00e9gicas<\/strong> en sectores clave.<\/p>\n<p>El <strong>desarrollo sostenible y la resiliencia territorial<\/strong> tambi\u00e9n han ocupado un lugar central, promoviendo soluciones concretas para una movilidad transfronteriza fluida y una planificaci\u00f3n territorial basada en datos fiables y compartidos, reforzando as\u00ed la eficacia y la resiliencia de las pol\u00edticas p\u00fablicas eurorregionales.<\/p>\n<p>La Eurorregi\u00f3n ha continuado igualmente su compromiso con la movilidad acad\u00e9mica a trav\u00e9s de la <strong>Beca Eurorregional<\/strong>, concedida a <strong>70 estudiantes y doctorandos<\/strong> con el objetivo de favorecer la circulaci\u00f3n del conocimiento en una l\u00f3gica de movilidad internacional de proximidad.<\/p>\n<p>A nivel europeo, el a\u00f1o estuvo marcado por el impulso de proyectos estrat\u00e9gicos financiados por el programa <strong>AFOMEF POCTEFA<\/strong> y coordinados directamente por la Eurorregi\u00f3n: <strong>LANEAN<\/strong> en el \u00e1mbito del empleo transfronterizo, <strong>TRANSFERMUGI<\/strong> para la movilidad sostenible y <strong>HEZHI<\/strong> para el pluriling\u00fcismo. Estas iniciativas confirman la capacidad de la Eurorregi\u00f3n para movilizar financiaci\u00f3n europea con el fin de responder a los retos comunes del territorio y construir soluciones duraderas a escala de las \u00e1reas de vida transfronterizas.<\/p>\n<h3>UN NUEVO MARCO PRESUPUESTARIO PARA 2026 Y LA APERTURA DE LA CONVOCATORIA \u00abCIUDADAN\u00cdA EURORREGIONAL\u00bb<\/h3>\n<p>Para 2026, la Eurorregi\u00f3n destinar\u00e1 <strong>900.000 euros a la financiaci\u00f3n de iniciativas transfronterizas<\/strong>, que se estructuran en dos grandes l\u00edneas. La primera, dedicada a la <strong>ciudadan\u00eda eurorregional<\/strong>, contar\u00e1 con <strong>500.000 euros<\/strong> para apoyar acciones impulsadas por los actores de la cooperaci\u00f3n en \u00e1mbitos como la cultura, la juventud, la educaci\u00f3n, el pluriling\u00fcismo, el deporte y los desaf\u00edos sociales contempor\u00e1neos. Esta convocatoria, aprobada hoy por los representantes de los tres territorios, se abrir\u00e1 el 11 de marzo.<\/p>\n<p>La segunda l\u00ednea, dedicada a la <strong>innovaci\u00f3n eurorregional<\/strong>, destinar\u00e1 <strong>400.000 euros<\/strong> al apoyo de proyectos estructurantes en sectores econ\u00f3micos clave (salud, fabricaci\u00f3n avanzada, agricultura, energ\u00edas renovables, construcci\u00f3n sostenible e industrias creativas y culturales), con el objetivo de acelerar el desarrollo innovador, competitivo y sostenible del espacio eurorregional.<\/p>\n<p>Por otra parte, la Eurorregi\u00f3n Nueva-Aquitania Euskadi Navarra continuar\u00e1 apoyando iniciativas en \u00e1mbitos como el comercio transfronterizo o los sectores audiovisual y sanitario, con el fin <strong>de consolidar el territorio como un espacio de cooperaci\u00f3n estrat\u00e9gica<\/strong> capaz de transformar la proximidad geogr\u00e1fica en una palanca de innovaci\u00f3n, competitividad y cohesi\u00f3n territorial.<\/p>\n","protected":false},"excerpt":{"rendered":"<p>La Eurorregi\u00f3n ha celebrado oficialmente el traspaso de la presidencia entre Navarra y Euskadi, que asumir\u00e1 esta funci\u00f3n hasta 2028. El traspaso tuvo lugar durante la Asamblea General celebrada este martes en la ciudad de Vitoria-Gasteiz, en Euskadi, donde tambi\u00e9n se aprob\u00f3 el nuevo marco presupuestario para 2026, que incluye una dotaci\u00f3n de 900.000 euros [&hellip;]<\/p>\n","protected":false},"author":31,"featured_media":19548,"comment_status":"open","ping_status":"open","sticky":false,"template":"","format":"standard","meta":{"_acf_changed":false,"footnotes":""},"categories":[35],"tags":[],"class_list":["post-19542","post","type-post","status-publish","format-standard","has-post-thumbnail","hentry","category-articulos"],"acf":[],"_links":{"self":[{"href":"https:\/\/www.euroregion-naen.eu\/es\/wp-json\/wp\/v2\/posts\/19542","targetHints":{"allow":["GET"]}}],"collection":[{"href":"https:\/\/www.euroregion-naen.eu\/es\/wp-json\/wp\/v2\/posts"}],"about":[{"href":"https:\/\/www.euroregion-naen.eu\/es\/wp-json\/wp\/v2\/types\/post"}],"author":[{"embeddable":true,"href":"https:\/\/www.euroregion-naen.eu\/es\/wp-json\/wp\/v2\/users\/31"}],"replies":[{"embeddable":true,"href":"https:\/\/www.euroregion-naen.eu\/es\/wp-json\/wp\/v2\/comments?post=19542"}],"version-history":[{"count":0,"href":"https:\/\/www.euroregion-naen.eu\/es\/wp-json\/wp\/v2\/posts\/19542\/revisions"}],"wp:featuredmedia":[{"embeddable":true,"href":"https:\/\/www.euroregion-naen.eu\/es\/wp-json\/wp\/v2\/media\/19548"}],"wp:attachment":[{"href":"https:\/\/www.euroregion-naen.eu\/es\/wp-json\/wp\/v2\/media?parent=19542"}],"wp:term":[{"taxonomy":"category","embeddable":true,"href":"https:\/\/www.euroregion-naen.eu\/es\/wp-json\/wp\/v2\/categories?post=19542"},{"taxonomy":"post_tag","embeddable":true,"href":"https:\/\/www.euroregion-naen.eu\/es\/wp-json\/wp\/v2\/tags?post=19542"}],"curies":[{"name":"wp","href":"https:\/\/api.w.org\/{rel}","templated":true}]}}