{"id":16138,"date":"2023-12-01T15:03:56","date_gmt":"2023-12-01T14:03:56","guid":{"rendered":"https:\/\/www.euroregion-naen.eu\/?p=16138"},"modified":"2023-12-01T17:49:38","modified_gmt":"2023-12-01T16:49:38","slug":"lanzamiento-del-concurso-fotografico-eurorregional-instantes-transfronterizos","status":"publish","type":"post","link":"https:\/\/www.euroregion-naen.eu\/es\/articulos\/lanzamiento-del-concurso-fotografico-eurorregional-instantes-transfronterizos\/","title":{"rendered":"Lanzamiento del concurso fotogr\u00e1fico eurorregional &#8216;Instantes transfronterizos&#8217;"},"content":{"rendered":"<p>La <strong>Eurorregi\u00f3n Nueva Aquitania-Euskadi-Navarra<\/strong> contin\u00faa promoviendo la colaboraci\u00f3n y coordinaci\u00f3n entre los diversos agentes econ\u00f3micos, pol\u00edticos y sociales que participan en actividades transfronterizas. Como parte de sus iniciativas anuales, la <strong>Eurorregi\u00f3n NAEN<\/strong> ha decidido dar un giro creativo a su tradicional calendario de festivos, convirti\u00e9ndolo en una expresi\u00f3n art\u00edstica que refleje la riqueza cultural y paisaj\u00edstica de Nueva Aquitania, Euskadi y Navarra.<\/p>\n<p>Este a\u00f1o marca el inicio de la primera edici\u00f3n del <strong>Concurso de fotograf\u00eda eurorregional<\/strong>, una oportunidad para que la ciudadan\u00eda de estos territorios participe activamente en la representaci\u00f3n visual de su patrimonio. La <strong>Eurorregi\u00f3n NAEN<\/strong> invita a los habitantes a capturar la esencia \u00fanica de su entorno a trav\u00e9s de sus lentes, destacando la diversidad cultural y la belleza natural que caracterizan a esta regi\u00f3n transfronteriza.<\/p>\n<p>El prop\u00f3sito fundamental de este concurso es incentivar la creatividad y la participaci\u00f3n de la comunidad, al mismo tiempo que se celebra la identidad compartida de Nueva Aquitania, Euskadi y Navarra. Las fotograf\u00edas seleccionadas no solo ilustrar\u00e1n el calendario anual, sino que tambi\u00e9n servir\u00e1n como testimonios visuales de la riqueza patrimonial que define a estos territorios.<\/p>\n<p>La entidad promotora conf\u00eda en que esta iniciativa no solo fortalecer\u00e1 los lazos culturales entre las comunidades, sino que tambi\u00e9n contribuir\u00e1 a consolidar una visi\u00f3n colectiva del patrimonio compartido. Esperamos la participaci\u00f3n entusiasta de la ciudadan\u00eda en este proyecto, confiando en que las fotograf\u00edas resultantes no solo ser\u00e1n objetos de valor art\u00edstico, sino tambi\u00e9n un testimonio duradero de la riqueza de esta colaboraci\u00f3n transfronteriza.<\/p>\n<p><strong><a href=\"https:\/\/www.euroregion-naen.eu\/es\/concurso-fotografico-eurorregional-instantes-transfronterizos\/\">M\u00e1s informaci\u00f3n<\/a><\/strong><\/p>\n<div class=\"row when_who_how\">\n<div class=\"col-md-4\"><\/div>\n<\/div>\n<div class=\"buttons row no-gutters\">\n<div class=\"col-md-6 mt-4\" style=\"text-align: center;\"><\/div>\n<div class=\"col-md-6 mt-4\" style=\"text-align: center;\"><\/div>\n<\/div>\n<div><\/div>\n<div><\/div>\n<div><\/div>\n<div><\/div>\n<div><\/div>\n<div><\/div>\n<p>&nbsp;<\/p>\n<p>&nbsp;<\/p>\n<div class=\"page\" title=\"Page 4\">\n<div class=\"section\">\n<div class=\"layoutArea\">\n<div><\/div>\n<div><\/div>\n<div><\/div>\n<\/div>\n<\/div>\n<\/div>\n","protected":false},"excerpt":{"rendered":"<p>La Eurorregi\u00f3n Nueva Aquitania-Euskadi-Navarra contin\u00faa promoviendo la colaboraci\u00f3n y coordinaci\u00f3n entre los diversos agentes econ\u00f3micos, pol\u00edticos y sociales que participan en actividades transfronterizas. Como parte de sus iniciativas anuales, la Eurorregi\u00f3n NAEN ha decidido dar un giro creativo a su tradicional calendario de festivos, convirti\u00e9ndolo en una expresi\u00f3n art\u00edstica que refleje la riqueza cultural y [&hellip;]<\/p>\n","protected":false},"author":15,"featured_media":0,"comment_status":"open","ping_status":"open","sticky":false,"template":"","format":"standard","meta":{"_acf_changed":false,"footnotes":""},"categories":[35,255,44],"tags":[],"class_list":["post-16138","post","type-post","status-publish","format-standard","hentry","category-articulos","category-cultura","category-eurorregion"],"acf":[],"_links":{"self":[{"href":"https:\/\/www.euroregion-naen.eu\/es\/wp-json\/wp\/v2\/posts\/16138","targetHints":{"allow":["GET"]}}],"collection":[{"href":"https:\/\/www.euroregion-naen.eu\/es\/wp-json\/wp\/v2\/posts"}],"about":[{"href":"https:\/\/www.euroregion-naen.eu\/es\/wp-json\/wp\/v2\/types\/post"}],"author":[{"embeddable":true,"href":"https:\/\/www.euroregion-naen.eu\/es\/wp-json\/wp\/v2\/users\/15"}],"replies":[{"embeddable":true,"href":"https:\/\/www.euroregion-naen.eu\/es\/wp-json\/wp\/v2\/comments?post=16138"}],"version-history":[{"count":0,"href":"https:\/\/www.euroregion-naen.eu\/es\/wp-json\/wp\/v2\/posts\/16138\/revisions"}],"wp:attachment":[{"href":"https:\/\/www.euroregion-naen.eu\/es\/wp-json\/wp\/v2\/media?parent=16138"}],"wp:term":[{"taxonomy":"category","embeddable":true,"href":"https:\/\/www.euroregion-naen.eu\/es\/wp-json\/wp\/v2\/categories?post=16138"},{"taxonomy":"post_tag","embeddable":true,"href":"https:\/\/www.euroregion-naen.eu\/es\/wp-json\/wp\/v2\/tags?post=16138"}],"curies":[{"name":"wp","href":"https:\/\/api.w.org\/{rel}","templated":true}]}}