{"id":15000,"date":"2022-07-21T17:02:00","date_gmt":"2022-07-21T15:02:00","guid":{"rendered":"https:\/\/www.euroregion-naen.eu\/?p=15000"},"modified":"2022-07-21T17:02:00","modified_gmt":"2022-07-21T15:02:00","slug":"el-grupo-de-trabajo-de-madera-y-bosques-euregional-se-reunio-para-estudiar-las-perspectivas-comunes","status":"publish","type":"post","link":"https:\/\/www.euroregion-naen.eu\/es\/articulos\/el-grupo-de-trabajo-de-madera-y-bosques-euregional-se-reunio-para-estudiar-las-perspectivas-comunes\/","title":{"rendered":"El Grupo de Trabajo de Madera y Bosques Euregional se reuni\u00f3 para estudiar las perspectivas comunes."},"content":{"rendered":"<p><em>Los actores de los territorios de Nueva Aquitania, Euskadi y Navarra, se reunieron el 21 de julio de 2022 en San Sebasti\u00e1n.<\/em><\/p>\n<p>Desde su primera reuni\u00f3n en 2018, el grupo de trabajo \u00abWood &amp; Forest\u00bb ha reflexionado sobre la coordinaci\u00f3n de acciones entre los tres territorios de la Eurorregi\u00f3n y ha promovido el intercambio de conocimientos y experiencias. Los actores pudieron discutir las l\u00edneas de trabajo para el futuro y establecer objetivos comunes.<\/p>\n<p>En esta ocasi\u00f3n, se trataron varios temas, como la conservaci\u00f3n de los bosques, en particular mediante la detecci\u00f3n de enfermedades forestales, los estudios sobre la mejora gen\u00e9tica y la tecnolog\u00eda de teledetecci\u00f3n, en l\u00ednea con el dise\u00f1o del mapa forestal eurorregional. Se prest\u00f3 especial atenci\u00f3n a la prevenci\u00f3n de incendios en las zonas forestales.<\/p>\n<p>No se dej\u00f3 de lado el tema medioambiental, y los participantes debatieron sobre el carbono, la qu\u00edmica verde y la biomasa como fuente de energ\u00eda.<\/p>\n<p>Los debates concluyeron con el proyecto de formaci\u00f3n profesional que los tres gobiernos desean poner en marcha en los \u00e1mbitos de la agricultura, la educaci\u00f3n medioambiental y la silvicultura.<\/p>\n<p>&nbsp;<\/p>\n","protected":false},"excerpt":{"rendered":"<p>Los actores de los territorios de Nueva Aquitania, Euskadi y Navarra, se reunieron el 21 de julio de 2022 en San Sebasti\u00e1n. Desde su primera reuni\u00f3n en 2018, el grupo de trabajo \u00abWood &amp; Forest\u00bb ha reflexionado sobre la coordinaci\u00f3n de acciones entre los tres territorios de la Eurorregi\u00f3n y ha promovido el intercambio de [&hellip;]<\/p>\n","protected":false},"author":15,"featured_media":14999,"comment_status":"open","ping_status":"open","sticky":false,"template":"","format":"standard","meta":{"_acf_changed":false,"footnotes":""},"categories":[35],"tags":[],"class_list":["post-15000","post","type-post","status-publish","format-standard","has-post-thumbnail","hentry","category-articulos"],"acf":[],"_links":{"self":[{"href":"https:\/\/www.euroregion-naen.eu\/es\/wp-json\/wp\/v2\/posts\/15000","targetHints":{"allow":["GET"]}}],"collection":[{"href":"https:\/\/www.euroregion-naen.eu\/es\/wp-json\/wp\/v2\/posts"}],"about":[{"href":"https:\/\/www.euroregion-naen.eu\/es\/wp-json\/wp\/v2\/types\/post"}],"author":[{"embeddable":true,"href":"https:\/\/www.euroregion-naen.eu\/es\/wp-json\/wp\/v2\/users\/15"}],"replies":[{"embeddable":true,"href":"https:\/\/www.euroregion-naen.eu\/es\/wp-json\/wp\/v2\/comments?post=15000"}],"version-history":[{"count":0,"href":"https:\/\/www.euroregion-naen.eu\/es\/wp-json\/wp\/v2\/posts\/15000\/revisions"}],"wp:featuredmedia":[{"embeddable":true,"href":"https:\/\/www.euroregion-naen.eu\/es\/wp-json\/wp\/v2\/media\/14999"}],"wp:attachment":[{"href":"https:\/\/www.euroregion-naen.eu\/es\/wp-json\/wp\/v2\/media?parent=15000"}],"wp:term":[{"taxonomy":"category","embeddable":true,"href":"https:\/\/www.euroregion-naen.eu\/es\/wp-json\/wp\/v2\/categories?post=15000"},{"taxonomy":"post_tag","embeddable":true,"href":"https:\/\/www.euroregion-naen.eu\/es\/wp-json\/wp\/v2\/tags?post=15000"}],"curies":[{"name":"wp","href":"https:\/\/api.w.org\/{rel}","templated":true}]}}