{"id":14141,"date":"2022-01-26T10:05:35","date_gmt":"2022-01-26T09:05:35","guid":{"rendered":"https:\/\/www.euroregion-naen.eu\/?p=14141"},"modified":"2022-01-26T10:05:35","modified_gmt":"2022-01-26T09:05:35","slug":"el-proyecto-poctefa-competplus-seleccionado-para-organizar-un-local-event-en-las-jornadas-europeas-de-las-industria-el-8-de-febrero","status":"publish","type":"post","link":"https:\/\/www.euroregion-naen.eu\/es\/articulos\/el-proyecto-poctefa-competplus-seleccionado-para-organizar-un-local-event-en-las-jornadas-europeas-de-las-industria-el-8-de-febrero\/","title":{"rendered":"El proyecto POCTEFA COMPET\u2019plus seleccionado para organizar un \u201clocal event\u201d en las Jornadas Europeas de las Industria el 8 de febrero"},"content":{"rendered":"<p><span data-contrast=\"none\">Los socios del proyecto <strong>POCTEFA COMPET\u2019plus,<\/strong> organizaran un \u201clocal event\u201d en el marco de las Jornadas Europeas de la Industria (EU Industry Days) que se centrar\u00e1 en el papel que pueden desempe\u00f1ar las regiones fronterizas para convertirse en una econom\u00eda inteligente, sostenible e integradora.\u00a0<\/span><span data-ccp-props=\"{&quot;201341983&quot;:2,&quot;335559739&quot;:160,&quot;335559740&quot;:420}\">\u00a0<\/span><\/p>\n<p><span data-ccp-props=\"{&quot;201341983&quot;:2,&quot;335559739&quot;:160,&quot;335559740&quot;:420}\">\u00a0<\/span><\/p>\n<p><span data-contrast=\"none\">El evento pretende presentar y debatir c\u00f3mo materializar esta cooperaci\u00f3n mediante la creaci\u00f3n de cl\u00fasteres y plataformas de innovaci\u00f3n transfronterizas. La sesi\u00f3n se centrar\u00e1 en los 3 cl\u00fasteres transfronterizos existentes (INNOVMEDICA, BIGDATIA y ADDITIVALLEY), as\u00ed como en el trabajo realizado en el marco del proyecto Interreg POCTEFA COMPET\u2019plus. Este proyecto pretende promover el trabajo colaborativo y la competitividad de las empresas, cl\u00fasteres y centros tecnol\u00f3gicos de los 3 territorios implicados en el proyecto (Nueva Aquitania, Euskadi y Navarra), en torno a 4 temas:<\/span><span data-ccp-props=\"{&quot;201341983&quot;:2,&quot;335551550&quot;:6,&quot;335551620&quot;:6,&quot;335559739&quot;:160,&quot;335559740&quot;:420}\">\u00a0<\/span><\/p>\n<p><span data-ccp-props=\"{&quot;201341983&quot;:2,&quot;335551550&quot;:6,&quot;335551620&quot;:6,&quot;335559739&quot;:160,&quot;335559740&quot;:420}\">\u00a0<\/span><\/p>\n<ul>\n<li data-leveltext=\"\uf0b7\" data-font=\"Symbol\" data-listid=\"2\" aria-setsize=\"-1\" data-aria-posinset=\"1\" data-aria-level=\"1\"><span data-contrast=\"none\">Electromovilidad, tanto en electricidad como en hidr\u00f3geno<\/span><span data-ccp-props=\"{&quot;201341983&quot;:2,&quot;335551550&quot;:6,&quot;335551620&quot;:6,&quot;335559739&quot;:160,&quot;335559740&quot;:420}\">\u00a0<\/span><\/li>\n<li data-leveltext=\"\uf0b7\" data-font=\"Symbol\" data-listid=\"2\" aria-setsize=\"-1\" data-aria-posinset=\"2\" data-aria-level=\"1\"><span data-contrast=\"none\">Hibridaci\u00f3n energ\u00e9tica<\/span><span data-ccp-props=\"{&quot;201341983&quot;:2,&quot;335551550&quot;:6,&quot;335551620&quot;:6,&quot;335559739&quot;:160,&quot;335559740&quot;:420}\">\u00a0<\/span><\/li>\n<li data-leveltext=\"\uf0b7\" data-font=\"Symbol\" data-listid=\"2\" aria-setsize=\"-1\" data-aria-posinset=\"3\" data-aria-level=\"1\"><span data-contrast=\"none\">Alimentos saludables para la restauraci\u00f3n colectiva<\/span><span data-ccp-props=\"{&quot;201341983&quot;:2,&quot;335551550&quot;:6,&quot;335551620&quot;:6,&quot;335559739&quot;:160,&quot;335559740&quot;:420}\">\u00a0<\/span><\/li>\n<li data-leveltext=\"\uf0b7\" data-font=\"Symbol\" data-listid=\"2\" aria-setsize=\"-1\" data-aria-posinset=\"4\" data-aria-level=\"1\"><span data-contrast=\"none\">Tecnolog\u00edas digitales creativas aplicadas al sector industrial.<\/span><span data-ccp-props=\"{&quot;201341983&quot;:2,&quot;335551550&quot;:6,&quot;335551620&quot;:6,&quot;335559739&quot;:160,&quot;335559740&quot;:420}\">\u00a0<\/span><\/li>\n<\/ul>\n<p><span data-ccp-props=\"{&quot;201341983&quot;:2,&quot;335551550&quot;:6,&quot;335551620&quot;:6,&quot;335559685&quot;:720,&quot;335559739&quot;:160,&quot;335559740&quot;:420}\">\u00a0<\/span><\/p>\n<p><b><span data-contrast=\"none\">El evento tendr\u00e1 lugar el pr\u00f3ximo 08 de febrero en formato hibrido (Ir\u00fan y online) de 10:30 a 11:30. Toda la informaci\u00f3n y las inscripciones estan disponibles\u00a0 <\/span><\/b><a href=\"https:\/\/competplus.eu\/events\/inscripcion-eu-industry-week-local-event\/\"><b><span data-contrast=\"none\">aqu\u00ed.\u00a0<\/span><\/b><\/a><b><span data-contrast=\"none\">\u00a0<\/span><\/b><span data-ccp-props=\"{&quot;201341983&quot;:2,&quot;335551550&quot;:6,&quot;335551620&quot;:6,&quot;335559739&quot;:160,&quot;335559740&quot;:420}\">\u00a0<\/span><\/p>\n<p>&nbsp;<\/p>\n<p><span data-contrast=\"none\">La edici\u00f3n de 2022 de los EU industry days estimular\u00e1 los debates en torno a los ecosistemas industriales y sus v\u00edas ecol\u00f3gicas y digitales, con el fin de reforzar la resiliencia de las empresas y las PYME de la UE. Las Jornadas Europeas de la Industria son el evento anual m\u00e1s importante de Europa. Destaca a los pioneros de la industria, los debates en curso sobre pol\u00edtica industrial y mejora la base de conocimientos de la industria europea. Es la principal plataforma para debatir los retos de la industria y codesarrollar oportunidades y respuestas pol\u00edticas en un di\u00e1logo inclusivo con una amplia gama de partes interesadas. Informa de las pol\u00edticas industriales a nivel europeo, nacional, regional y local y garantiza la coherencia de la industria europea para fomentar el empleo, el crecimiento y la innovaci\u00f3n en Europa.<\/span><span data-ccp-props=\"{&quot;201341983&quot;:2,&quot;335551550&quot;:6,&quot;335551620&quot;:6,&quot;335559739&quot;:160,&quot;335559740&quot;:420}\">\u00a0<\/span><\/p>\n<p><span data-ccp-props=\"{&quot;201341983&quot;:2,&quot;335551550&quot;:6,&quot;335551620&quot;:6,&quot;335559739&quot;:160,&quot;335559740&quot;:420}\">\u00a0<\/span><b><\/b><\/p>\n<p><span data-ccp-props=\"{&quot;201341983&quot;:2,&quot;335551550&quot;:6,&quot;335551620&quot;:6,&quot;335559739&quot;:160,&quot;335559740&quot;:420}\">\u00a0<\/span><\/p>\n","protected":false},"excerpt":{"rendered":"<p>Los socios del proyecto POCTEFA COMPET\u2019plus, organizaran un \u201clocal event\u201d en el marco de las Jornadas Europeas de la Industria (EU Industry Days) que se centrar\u00e1 en el papel que pueden desempe\u00f1ar las regiones fronterizas para convertirse en una econom\u00eda inteligente, sostenible e integradora.\u00a0\u00a0 \u00a0 El evento pretende presentar y debatir c\u00f3mo materializar esta cooperaci\u00f3n [&hellip;]<\/p>\n","protected":false},"author":15,"featured_media":14139,"comment_status":"open","ping_status":"open","sticky":false,"template":"","format":"standard","meta":{"_acf_changed":false,"footnotes":""},"categories":[35,44,167,169],"tags":[],"class_list":["post-14141","post","type-post","status-publish","format-standard","has-post-thumbnail","hentry","category-articulos","category-eurorregion","category-innovacion","category-proyectos"],"acf":[],"_links":{"self":[{"href":"https:\/\/www.euroregion-naen.eu\/es\/wp-json\/wp\/v2\/posts\/14141","targetHints":{"allow":["GET"]}}],"collection":[{"href":"https:\/\/www.euroregion-naen.eu\/es\/wp-json\/wp\/v2\/posts"}],"about":[{"href":"https:\/\/www.euroregion-naen.eu\/es\/wp-json\/wp\/v2\/types\/post"}],"author":[{"embeddable":true,"href":"https:\/\/www.euroregion-naen.eu\/es\/wp-json\/wp\/v2\/users\/15"}],"replies":[{"embeddable":true,"href":"https:\/\/www.euroregion-naen.eu\/es\/wp-json\/wp\/v2\/comments?post=14141"}],"version-history":[{"count":0,"href":"https:\/\/www.euroregion-naen.eu\/es\/wp-json\/wp\/v2\/posts\/14141\/revisions"}],"wp:featuredmedia":[{"embeddable":true,"href":"https:\/\/www.euroregion-naen.eu\/es\/wp-json\/wp\/v2\/media\/14139"}],"wp:attachment":[{"href":"https:\/\/www.euroregion-naen.eu\/es\/wp-json\/wp\/v2\/media?parent=14141"}],"wp:term":[{"taxonomy":"category","embeddable":true,"href":"https:\/\/www.euroregion-naen.eu\/es\/wp-json\/wp\/v2\/categories?post=14141"},{"taxonomy":"post_tag","embeddable":true,"href":"https:\/\/www.euroregion-naen.eu\/es\/wp-json\/wp\/v2\/tags?post=14141"}],"curies":[{"name":"wp","href":"https:\/\/api.w.org\/{rel}","templated":true}]}}