{"id":11112,"date":"2021-03-09T14:55:57","date_gmt":"2021-03-09T13:55:57","guid":{"rendered":"https:\/\/www.euroregion-naen.eu\/?p=11112"},"modified":"2021-03-09T15:55:08","modified_gmt":"2021-03-09T14:55:08","slug":"la-eurorregion-valida-el-partenariado-estrategico-euskarabentura","status":"publish","type":"post","link":"https:\/\/www.euroregion-naen.eu\/es\/articulos\/la-eurorregion-valida-el-partenariado-estrategico-euskarabentura\/","title":{"rendered":"La Eurorregi\u00f3n valida el partenariado estrat\u00e9gico EuskarAbentura"},"content":{"rendered":"<p>El proyecto transfronterizo <strong>EuskarAbentura<\/strong> ser\u00e1 financiado en el marco de un partenariado estrat\u00e9gico del primer eje \u201cciudadan\u00eda euror\u00e9gional\u201d. Combinando juventud, patrimonio, deporte y pluriling\u00fcismo, el proyecto permitir\u00e1 a 120 j\u00f3venes viajar a pie durante un mes por los territorios vascoparlantes de la Eurorregi\u00f3n.<\/p>\n<p>El proyecto, creado en 2018, tiene como objetivo fomentar el uso del euskera, crear una red de j\u00f3venes vascoparlantes, transmitir valores positivos y contribuir a cambiar los h\u00e1bitos ling\u00fc\u00edsticos de las y los j\u00f3venes. Las y los adolescentes de los tres territorios de la Eurorregi\u00f3n y de la di\u00e1spora se sumergir\u00e1n en un entorno euskaldun y descubrir\u00e1n la riqueza cultural, medioambiental y social de la Eurorregi\u00f3n. Esta inmersi\u00f3n, totalmente subvencionada, les permitir\u00e1 combinar las actividades de ocio, la pr\u00e1ctica del idioma y descubrir nuevos horizontes.<\/p>\n<p>&nbsp;<\/p>\n<h3><span style=\"color: #57b497;\"><strong>Inscripciones abiertas<\/strong><\/span><\/h3>\n<p>Las solicitudes para la expedici\u00f3n de 2021 est\u00e1n abiertas hasta el <strong>12 de marzo<\/strong>. Para participar en la expedici\u00f3n y presentar su solicitud, debe:<\/p>\n<ul>\n<li>Hablar euskera<\/li>\n<li>Haber nacido en 2004 o 2005<\/li>\n<li>Enviar un video de presentaci\u00f3n y un proyecto individual sobre uno de los tres temas (De la granja al plato, Click &amp; post, La edad: fuente de conocimiento) y en uno de los seis formatos propuestos (ensayo hist\u00f3rico, ensayo literario, v\u00eddeo, obra musical, artes pl\u00e1sticas, creaci\u00f3n digital).<\/li>\n<\/ul>\n<p>La situaci\u00f3n sanitaria condicionar\u00e1 el desarrollo de la expedici\u00f3n. Si es imposible llevar a cabo la expedici\u00f3n de forma itinerante, se estudiar\u00e1n alternativas.<\/p>\n<p>Para cualquier informaci\u00f3n adicional, visite <a href=\"https:\/\/euskarabentura.eus\/2021-participa\/\">https:\/\/euskarabentura.eus\/2021-participa\/<\/a><\/p>\n<p><iframe loading=\"lazy\" src=\"https:\/\/www.youtube.com\/embed\/cIH4LjKPjM8\" width=\"560\" height=\"315\" frameborder=\"0\" allowfullscreen=\"allowfullscreen\"><\/iframe><\/p>\n","protected":false},"excerpt":{"rendered":"<p>El proyecto transfronterizo EuskarAbentura ser\u00e1 financiado en el marco de un partenariado estrat\u00e9gico del primer eje \u201cciudadan\u00eda euror\u00e9gional\u201d. Combinando juventud, patrimonio, deporte y pluriling\u00fcismo, el proyecto permitir\u00e1 a 120 j\u00f3venes viajar a pie durante un mes por los territorios vascoparlantes de la Eurorregi\u00f3n. El proyecto, creado en 2018, tiene como objetivo fomentar el uso del [&hellip;]<\/p>\n","protected":false},"author":15,"featured_media":11114,"comment_status":"open","ping_status":"open","sticky":false,"template":"","format":"standard","meta":{"_acf_changed":false,"footnotes":""},"categories":[35,44,169],"tags":[],"class_list":["post-11112","post","type-post","status-publish","format-standard","has-post-thumbnail","hentry","category-articulos","category-eurorregion","category-proyectos"],"acf":[],"_links":{"self":[{"href":"https:\/\/www.euroregion-naen.eu\/es\/wp-json\/wp\/v2\/posts\/11112","targetHints":{"allow":["GET"]}}],"collection":[{"href":"https:\/\/www.euroregion-naen.eu\/es\/wp-json\/wp\/v2\/posts"}],"about":[{"href":"https:\/\/www.euroregion-naen.eu\/es\/wp-json\/wp\/v2\/types\/post"}],"author":[{"embeddable":true,"href":"https:\/\/www.euroregion-naen.eu\/es\/wp-json\/wp\/v2\/users\/15"}],"replies":[{"embeddable":true,"href":"https:\/\/www.euroregion-naen.eu\/es\/wp-json\/wp\/v2\/comments?post=11112"}],"version-history":[{"count":0,"href":"https:\/\/www.euroregion-naen.eu\/es\/wp-json\/wp\/v2\/posts\/11112\/revisions"}],"wp:featuredmedia":[{"embeddable":true,"href":"https:\/\/www.euroregion-naen.eu\/es\/wp-json\/wp\/v2\/media\/11114"}],"wp:attachment":[{"href":"https:\/\/www.euroregion-naen.eu\/es\/wp-json\/wp\/v2\/media?parent=11112"}],"wp:term":[{"taxonomy":"category","embeddable":true,"href":"https:\/\/www.euroregion-naen.eu\/es\/wp-json\/wp\/v2\/categories?post=11112"},{"taxonomy":"post_tag","embeddable":true,"href":"https:\/\/www.euroregion-naen.eu\/es\/wp-json\/wp\/v2\/tags?post=11112"}],"curies":[{"name":"wp","href":"https:\/\/api.w.org\/{rel}","templated":true}]}}