{"id":7027,"date":"2020-02-17T12:04:38","date_gmt":"2020-02-17T11:04:38","guid":{"rendered":"https:\/\/www.euroregion-naen.eu\/?p=7027"},"modified":"2020-02-17T12:04:38","modified_gmt":"2020-02-17T11:04:38","slug":"euroregion-sets-up-the-2020-edition-of-information-days-for-cross-border-workers","status":"publish","type":"post","link":"https:\/\/www.euroregion-naen.eu\/en\/articles\/euroregion-sets-up-the-2020-edition-of-information-days-for-cross-border-workers\/","title":{"rendered":"Euroregion sets up the 2020 edition of Information Days for Cross-border Workers"},"content":{"rendered":"<p>In order to organize the second edition of the event, to be held on June 4 and 5, 2020, at the Antoine Abbadie Congress Center, in Hendaye, the Euroregion Nouvelle-Aquitaine Euskadi Navarra met on February 7 with cross-border public actors such as Hacienda Foral de Gipuzkoa (taxes), P\u00f4le Emploi de Saint-Jean de Luz, Direction d\u00e9partementale des finances publiques (DDFIP) &#8211; Pyr\u00e9n\u00e9es-Atlantiques, Hacienda Foral de Navarre (taxes), Direccte, URSSAF, Service Navarrais d\u2019Emploi, CPAM Bayonne, CARSAT Aquitaine, Lanbide-Eures Gipuzkoa, Lanbide Irun-Fontarrabie, and Servicio P\u00fablico de Empleo Estatal \u2013 SEPE Gipuzkoa.<\/p>\n<p>The aim of the event is to provide cross-border workers with information about their rights and duties towards the competent institutions on both sides of the border. In 2019, about a hundred workers attended it.<\/p>\n<p>This year, to respond to workers requests, the day schedules will be extended and without breaks. On June 4, the event will be from 9h30 to 17h30. On June 5, from 9h30 to 14h.<\/p>\n<p>In addition, a new step is taken with the organization of a conference dedicated to the posting of workers. The purpose is to explain all the rights and duties in terms of posting, in order to facilitate the application of <a href=\"https:\/\/eur-lex.europa.eu\/legal-content\/EN\/TXT\/PDF\/?uri=CELEX:32018L0957&amp;from=FR\" target=\"_blank\" rel=\"noopener noreferrer\">Directive (EU) 2018\/957<\/a>, which must apply from July 2020 in all member states.<\/p>\n<p>Further information will be delivered before the event.<\/p>\n<p><strong>Empleo<\/strong><\/p>\n<p>The Information Days for Cross-border Workers are carried out following the <a href=\"https:\/\/www.euroregion-naen.eu\/en\/projects\/our-devices\/empleo\/\" target=\"_blank\" rel=\"noopener noreferrer\">Empleo<\/a> project, which was co-financed by the European Regional Development Fund (ERDF).<\/p>\n<p style=\"text-align: center\"><strong>Information Days for Cross-border Workers<\/strong><\/p>\n<p><strong>When<\/strong>: June 4 and 5, 2020, from 9h30 to 17h30 (Thursday 4) and from 9h30 to 14h (Friday 5).<\/p>\n<p><strong>Where<\/strong>: Antoine Abbadie Congress Center, in Hendaye.<\/p>\n<p style=\"text-align: center\"><strong>Conference Posting of Workers<\/strong><\/p>\n<p><strong>When<\/strong>: June 3,\u00a0afternoon (time slot to be confirmed).<\/p>\n<p><strong>Where<\/strong>: Antoine Abbadie Congress Center, in Hendaye.<\/p>\n","protected":false},"excerpt":{"rendered":"<p>In order to organize the second edition of the event, to be held on June 4 and 5, 2020, at the Antoine Abbadie Congress Center, in Hendaye, the Euroregion Nouvelle-Aquitaine Euskadi Navarra met on February 7 with cross-border public actors such as Hacienda Foral de Gipuzkoa (taxes), P\u00f4le Emploi de Saint-Jean de Luz, Direction d\u00e9partementale [&hellip;]<\/p>\n","protected":false},"author":15,"featured_media":7021,"comment_status":"open","ping_status":"open","sticky":false,"template":"","format":"standard","meta":{"_acf_changed":false,"footnotes":""},"categories":[33],"tags":[],"class_list":["post-7027","post","type-post","status-publish","format-standard","has-post-thumbnail","hentry","category-articles"],"acf":[],"_links":{"self":[{"href":"https:\/\/www.euroregion-naen.eu\/en\/wp-json\/wp\/v2\/posts\/7027","targetHints":{"allow":["GET"]}}],"collection":[{"href":"https:\/\/www.euroregion-naen.eu\/en\/wp-json\/wp\/v2\/posts"}],"about":[{"href":"https:\/\/www.euroregion-naen.eu\/en\/wp-json\/wp\/v2\/types\/post"}],"author":[{"embeddable":true,"href":"https:\/\/www.euroregion-naen.eu\/en\/wp-json\/wp\/v2\/users\/15"}],"replies":[{"embeddable":true,"href":"https:\/\/www.euroregion-naen.eu\/en\/wp-json\/wp\/v2\/comments?post=7027"}],"version-history":[{"count":0,"href":"https:\/\/www.euroregion-naen.eu\/en\/wp-json\/wp\/v2\/posts\/7027\/revisions"}],"wp:featuredmedia":[{"embeddable":true,"href":"https:\/\/www.euroregion-naen.eu\/en\/wp-json\/wp\/v2\/media\/7021"}],"wp:attachment":[{"href":"https:\/\/www.euroregion-naen.eu\/en\/wp-json\/wp\/v2\/media?parent=7027"}],"wp:term":[{"taxonomy":"category","embeddable":true,"href":"https:\/\/www.euroregion-naen.eu\/en\/wp-json\/wp\/v2\/categories?post=7027"},{"taxonomy":"post_tag","embeddable":true,"href":"https:\/\/www.euroregion-naen.eu\/en\/wp-json\/wp\/v2\/tags?post=7027"}],"curies":[{"name":"wp","href":"https:\/\/api.w.org\/{rel}","templated":true}]}}